    {"id":1190,"date":"2024-11-29T09:48:50","date_gmt":"2024-11-29T19:48:50","guid":{"rendered":"https:\/\/dictionnaire-cep.upf.pf\/notice-cep\/notice-mom-mary\/"},"modified":"2024-12-27T07:59:43","modified_gmt":"2024-12-26T19:59:43","slug":"notice-mom-mary","status":"publish","type":"notice-cep","link":"https:\/\/dictionnaire-cep.upf.pf\/tah\/notice-cep\/notice-mom-mary\/","title":{"rendered":"Te fa\u2019aterera\u2019a hau o te Ara Moana, mai t\u014dna p\u016bra\u2019a mai \u2019e tae atu i te mau t\u0101matamatara\u2019a \u2019\u0101t\u014dm\u012b Far\u0101ni hope\u2019a i Patitifa \u2019apato\u2019a (1959-1996)"},"content":{"rendered":"<!--themify_builder_content-->\n<div id=\"themify_builder_content-1190\" data-postid=\"1190\" class=\"themify_builder_content themify_builder_content-1190 themify_builder tf_clear\">\n                    <div  data-lazy=\"1\" class=\"module_row themify_builder_row tb_xscp52 tb_first tf_w\">\n                        <div class=\"row_inner col_align_top tb_col_count_2 tf_box tf_rel\">\n                        <div  data-lazy=\"1\" class=\"module_column tb-column col4-2 tb_6h9x52 first\">\n                    <!-- module text -->\n<div  class=\"module module-text tb_wau652   \" data-lazy=\"1\">\n        <div  class=\"tb_text_wrap\">\n        <h2 class='separator-section-1'>Page 1<\/h2>\n<h3><b>Te fa\u2019aterera\u2019a hau o te Ara Moana, mai t\u014dna p\u016bra\u2019a mai \u2019e tae atu i te mau t\u0101matamatara\u2019a \u2019\u0101t\u014dm\u012b Far\u0101ni hope\u2019a i Patitifa \u2019apato\u2019a (1959-1996).<\/b><\/h3>\n<p><span style=\"font-weight: 400;\">\u2019Ia au i t\u014dna huru i teie mahana, \u2019ua ti\u2019a mai te fa\u2019aterera\u2019a hau o te Ara Moana &#8211; t\u014dna i\u2019oa mai te matahiti 2012- i te \u2019\u0101va\u2019e tenuare n\u014d te matahiti 1959,i muri a\u2019e i te tau o te uiuira\u2019a mana\u2019o mana n\u014d te \u2019\u0101va\u2019e n\u014d tetepa n\u014d te matahiti 1958.\u2019Ua fa\u2019ata\u2019a \u2019\u0113 \u2019oia te huru o te mau fenua mero n\u014d te ivin\u016bna\u2019a Far\u0101ni e vai ra i te fenua \u2019Afirita \u2019e te fenua Madagascar, i te mau fenua o te Ara Moana (DOM-TOM)<\/span> <span id='footnote-ref-1' class='footnote-ref'><a href='#footnote-1'>[1]<\/a><\/span><span style=\"font-weight: 400;\">, \u2019e \u2019ua ha\u2019amanahia te fa\u2019a\u2019orera\u2019a i te fa\u2019aterera\u2019a hau \u2019o te hau Far\u0101ni \u2019o te mau fenua n\u014d te Ara Moana i ha\u2019amauhia i te matahiti 1946 n\u014d te monora\u2019a i te fa\u2019aterera\u2019a hau o te mau fenua \u2019aihu\u2019ar\u0101\u2019au. \u2019Ua horo\u2019ahia te ti\u2019a\u2019aura\u2019a o te mau fenua n\u014d te Ara Moana i te fa\u2019aterera\u2019a hau \u2019\u0101p\u012b tei pi\u2019ihia n\u014d te Sahara, te mau fenua n\u014d te Ara Moana<span id='footnote-ref-2' class='footnote-ref'><a href='#footnote-2'>[2]<\/a><\/span><\/span><span style=\"font-weight: 400;\">. \u2019Ua horo\u2019ahia te fa\u2019aterera\u2019a ia Jacques a Soustelle t\u0101ne, e ti\u2019a p\u0101p\u016b n\u014d te pupu poritita \u00ab\u00a0gauliste\u00a0\u00bb, tei m\u0101tarohia n\u014d t\u014dna p\u0101to\u2019i-\u2019\u016b\u2019ana-ra\u2019a\u00a0i te fa\u2019ati\u2019am\u0101ra\u2019a fenua, i te aro\u0101 Oudinot \u2019oia, i roto i te mau fare i noho.hia na e te fa\u2019aterera\u2019a hau o te mau fenua \u2019aihu\u2019ar\u0101\u2019au mai te matahiti 1910 \u2019e tae atu i te matahiti 1946, \u2019e tei p\u0101rahihia e te fa\u2019aterera\u2019a hau o te hau Far\u0101ni \u2019o te mau fenua n\u014d te Ara Moana (hoho\u2019a 1)<\/span><\/p>    <\/div>\n<\/div>\n<!-- \/module text -->        <\/div>\n                    <div  data-lazy=\"1\" class=\"module_column tb-column col4-2 tb_5u9752 last\">\n                    <!-- module plain text -->\n<div  class=\"module module-plain-text tb_ero052 \" data-lazy=\"1\">\n        <div class=\"tb_text_wrap\">\n        <\/div>\n<\/div>\n<!-- \/module plain text -->        <\/div>\n                        <\/div>\n        <\/div>\n                        <div  data-lazy=\"1\" class=\"module_row themify_builder_row tb_dzv1317 tf_w\">\n                        <div class=\"row_inner col_align_top tb_col_count_2 tf_box tf_rel\">\n                        <div  data-lazy=\"1\" class=\"module_column tb-column col4-2 tb_1m1p317 first\">\n                    <!-- module accordion -->\n<div  class=\"module module-accordion tb_gh4n317 iconographie\" data-behavior=\"toggle\" data-lazy=\"1\">\n    \n    <ul class=\"ui module-accordion separate  transparent\">\n            <li class=\"builder-accordion-active\">\n            <h2 class=\"accordion-title tf_rel\">\n                <a href=\"#acc-gh4n317-0\" class=\"tb_title_accordion\" aria-controls=\"acc-gh4n317-0-content\" aria-expanded=\"true\">\n                    <i class=\"accordion-icon tf_hide\"><svg  class=\"tf_fa tf-ti-angle-up\" aria-hidden=\"true\"><use href=\"#tf-ti-angle-up\"><\/use><\/svg><\/i>                    <i class=\"accordion-active-icon\"><svg  class=\"tf_fa tf-ti-angle-down\" aria-hidden=\"true\"><use href=\"#tf-ti-angle-down\"><\/use><\/svg><\/i>                    Figure 1                <\/a>\n            <\/h2><!-- .accordion-title -->\n            <div id=\"acc-gh4n317-0-content\" data-id=\"acc-gh4n317-0\" aria-hidden=\"false\" class=\"accordion-content tf_clearfix\">\n                        <div  data-lazy=\"1\" class=\"module_subrow themify_builder_sub_row tf_w col_align_top tb_col_count_1 tb_jawn317\" itemprop=\"text\">\n                <div  data-lazy=\"1\" class=\"module_column sub_column tb_ijw4317 first\">\n                    <!-- module image -->\n<div  class=\"module module-image tb_6any317 image-center   tf_mw\" data-lazy=\"1\">\n        <div class=\"image-wrap tf_rel tf_mw\">\n            <img loading=\"lazy\" decoding=\"async\" width=\"1812\" height=\"1352\" src=\"https:\/\/dictionnaire-cep.upf.pf\/wp-content\/uploads\/2024\/11\/Le-ministere-des-Outre-mer-de-sa-creation-aux-derniers-essais-nucleaires-francais-dans-le-Pacifique-Sud-1959-1996.jpg\" class=\"wp-post-image wp-image-1477\" title=\"Screenshot\" alt=\"Hoho\u2019a ti\u2019ara\u2019a mana \u2019ore a Wikipedia. \u201cTe tomora\u2019a o te fa\u2019aterera\u2019a hau o te Ara Moana, 27 aro\u0101 Oudinot, Pari (\u2019\u0101va\u2019e n\u014d m\u0113, i te matahiti 2012)\u201d.\" srcset=\"https:\/\/dictionnaire-cep.upf.pf\/wp-content\/uploads\/2024\/11\/Le-ministere-des-Outre-mer-de-sa-creation-aux-derniers-essais-nucleaires-francais-dans-le-Pacifique-Sud-1959-1996.jpg 1812w, https:\/\/dictionnaire-cep.upf.pf\/wp-content\/uploads\/2024\/11\/Le-ministere-des-Outre-mer-de-sa-creation-aux-derniers-essais-nucleaires-francais-dans-le-Pacifique-Sud-1959-1996-300x224.jpg 300w, https:\/\/dictionnaire-cep.upf.pf\/wp-content\/uploads\/2024\/11\/Le-ministere-des-Outre-mer-de-sa-creation-aux-derniers-essais-nucleaires-francais-dans-le-Pacifique-Sud-1959-1996-1024x764.jpg 1024w, https:\/\/dictionnaire-cep.upf.pf\/wp-content\/uploads\/2024\/11\/Le-ministere-des-Outre-mer-de-sa-creation-aux-derniers-essais-nucleaires-francais-dans-le-Pacifique-Sud-1959-1996-768x573.jpg 768w, https:\/\/dictionnaire-cep.upf.pf\/wp-content\/uploads\/2024\/11\/Le-ministere-des-Outre-mer-de-sa-creation-aux-derniers-essais-nucleaires-francais-dans-le-Pacifique-Sud-1959-1996-1536x1146.jpg 1536w\" sizes=\"auto, (max-width: 1812px) 100vw, 1812px\" \/>    \n        <\/div>\n    <!-- \/image-wrap -->\n    \n        <div class=\"image-content\">\n                        <div class=\"image-caption tb_text_wrap\">\n            Hoho\u2019a ti\u2019ara\u2019a mana \u2019ore a Wikipedia. \u201cTe tomora\u2019a o te fa\u2019aterera\u2019a hau o te Ara Moana, 27 aro\u0101 Oudinot, Pari (\u2019\u0101va\u2019e n\u014d m\u0113, i te matahiti 2012)\u201d.         <\/div>\n        <!-- \/image-caption -->\n            <\/div>\n    <!-- \/image-content -->\n        <\/div>\n<!-- \/module image -->        <\/div>\n                    <\/div>\n                    <\/div><!-- .accordion-content -->\n        <\/li>\n        <\/ul>\n\n<\/div><!-- \/module accordion -->        <\/div>\n                    <div  data-lazy=\"1\" class=\"module_column tb-column col4-2 tb_5745317 last\">\n                            <\/div>\n                        <\/div>\n        <\/div>\n                        <div  data-lazy=\"1\" class=\"module_row themify_builder_row tb_e7x2223 tf_w\">\n                        <div class=\"row_inner col_align_top tb_col_count_2 tf_box tf_rel\">\n                        <div  data-lazy=\"1\" class=\"module_column tb-column col4-2 tb_g037223 first\">\n                    <!-- module text -->\n<div  class=\"module module-text tb_zv6e223   \" data-lazy=\"1\">\n        <div  class=\"tb_text_wrap\">\n        <h2 class='separator-section-2'>Page 2<\/h2>\n<p><span style=\"font-weight: 400;\">I te ha\u2019amaura\u2019ahia, i te \u2019\u0101va\u2019e n\u014d tenuare n\u014d te matahiti 1959, e riro t\u0101na fa\u2019aterera\u2019a a te hau \u2019ei ha\u2019aputuputura\u2019a i te mau piha t\u014dro\u2019a i vai na, i tu\u2019uhia na i raro a\u2019e i te p\u0101rurura\u2019a a te mau fenua o te fa\u2019aterera\u2019a hau ta\u2019a\u2019\u0113 mau<span id='footnote-ref-3' class='footnote-ref'><a href='#footnote-3'>[3]<\/a><\/span><\/span><span style=\"font-weight: 400;\">. N\u0101 te p\u0101pa\u2019ira\u2019a parau nui o te mau fenua \u201cDOM\u201d e ti\u2019a\u2019au i te mau fenua n\u014d Antilles-Guyane \u2019e R\u00e9union, o t\u0113 tae roa i te fa\u2019aterera\u2019a hau o te mau \u2019ohipa roto o te fenua, t\u0113 p\u016bai fa\u2019ahou atu n\u0101 roto i te f\u0101na\u2019ora\u2019a i te tahi piha \u2019ohipa mai roto mai i te fa\u2019aterera\u2019a hau o te faufa\u2019a; n\u0101 te fa\u2019aterera\u2019a o te mau fenua \u201cTOM\u201d, n\u014d roto mai i te fa\u2019aterera\u2019a hau \u2019o te hau Far\u0101ni \u2019o te mau fenua n\u014d te Ara Moana, e ti\u2019a\u2019au i te mau fenua \u00ab TOM \u00bb. I roto i teie n\u0101 fa\u2019anahora\u2019a e piti, e \u2019itehia te tahi f\u0101ito-\u2019ore-ra\u2019a, te f\u0101na\u2019o ra te mau fenua \u00ab DOM \u00bb. I te p\u016b o te fa\u2019aterera\u2019a hau, te piha\u00a0<\/span><span style=\"font-weight: 400;\">fa\u2019atere i te p\u0101pa\u2019ira\u2019a parau nui, tei f\u0101na\u2019o i te papa ture \u00ab fa\u2019aterera\u2019a tonoha\u2019a a te hau<span id='footnote-ref-4' class='footnote-ref'><a href='#footnote-4'>[4]<\/a><\/span><\/span><span style=\"font-weight: 400;\">\u00bb, tei ruru i te mau r\u0101ve\u2019a faufa\u2019a ato\u2019a a te fa\u2019aterera\u2019a hau, t\u0113 ha\u2019ap\u0101p\u016b ra i te tahi hia\u2019ai n\u014d ter\u0101 mau fenua \u00ab DOM \u00bb, \u2019aore roa te mau fenua \u00ab TOM \u00bb e f\u0101na\u2019o. T\u0113 fa\u2019a\u2019ite ra te ture t\u0101pura n\u014d te mau fenua DOM n\u014d te 30 n\u014d tiurai n\u014d te matahiti 1960, i te tahi nu\u2019ura\u2019a rahi n\u014d te f\u0101ito moni a te hau e rurihia i te h\u014d\u2019\u0113 piha \u2019ohipa \u2018ai\u2019\u0101pu\u2019u, \u2019\u0101re\u2019a te ti\u2019a\u2019aura\u2019a o te mau fenua \u00ab TOM \u00bb, e hi\u2019ora\u2019a \u2019e e ferurira\u2019a nui, i te mea \u0113 e fenua tei riro \u2019ei fenua ti\u2019ara\u2019a f\u0101na\u2019o n\u014d te p\u0101rurura\u2019a, mai t\u014dna mau n\u016bna\u2019a ato\u2019a, i te ferurira\u2019a Far\u0101ni ta\u2019a\u2019\u0113 \u2019ia fa\u2019aauhia i t\u014d te mau n\u016bna\u2019a o te mau fenua \u00ab DOM \u00bb, ta\u2019ata \u2019\u0101i\u2019a Far\u0101ni mai te matahiti 1848<span id='footnote-ref-5' class='footnote-ref'><a href='#footnote-5'>[5]<\/a><\/span><\/span><span style=\"font-weight: 400;\"> mai.<\/span><\/p>\n<p><span style=\"font-weight: 400;\">N\u0101 teie huru hi\u2019ora\u2019a ta\u2019a\u2019\u0113 mau e fa\u2019ata\u2019a maita\u2019i i te huru o te mau pirita\u2019ara\u2019a e vai ra i roto p\u016b i te aro\u0101 Oudin \u2019e te tahi atu mau p\u016b fa\u2019atere a te hau, e DOM \u0101nei, e TOM \u0101nei. I raro a\u2019e i te fa\u2019aterera\u2019a a Charles de Gaule t\u0101ne, \u2019e \u2019o Georges a Pompidou t\u0101ne, te ti\u2019a\u2019aura\u2019a o te mau TOM, \u2019o P\u014dr\u012bn\u0113tia ho\u2019i te pito pitopito n\u014d te parau o te \u2019\u0101t\u014dm\u012b, e au ra \u0113 e tomo roa atu i roto i te \u00ab tuha\u2019a p\u016btohe \u00bb a te peretiteni, n\u014d te parau o te p\u0101rurura\u2019a i te fenua, e t\u016b\u2019ati ato\u2019a i te fa\u2019aterera\u2019a hau a te nu\u2019u e te <\/span><span style=\"font-weight: 400;\">\u2019\u0100ua m\u016bto\u2019i o te Ito \u2019\u0100t\u014dm\u012b (AIA)<\/span><span style=\"font-weight: 400;\"> n\u014d te parau o te P\u016b t\u0101matamatara\u2019a \u2019\u0100t\u014dm\u012b n\u014d Patifita. \u2019Ei ha\u2019ap\u0101p\u016bra\u2019a, t\u0113 t\u012btau-t\u0101mau-ra\u2019a n\u0101 roto i te h\u014d\u2019\u0113 ravera\u2019a p\u016bai, t\u0101pa\u2019o n\u014d te \u00ab tuha\u2019a p\u016btohe \u00bb a te fa\u2019atere o te Hau mai te ta\u2019ata raupe\u2019a o te ti\u2019am\u0101ra\u2019a o te fenua\u00a0 Far\u0101ni : te t\u012btaura\u2019a i te mau \u2019apo\u2019ora\u2019a iti o te mau ta\u2019at i raro a\u2019e i t\u0101na fa\u2019aterera\u2019a<span id='footnote-ref-6' class='footnote-ref'><a href='#footnote-6'>[6]<\/a><\/span><\/span><span style=\"font-weight: 400;\">. \u2019Aita t\u014d te aro\u0101 Oudinot e fa\u2019a\u014d roa mai i P\u014dr\u012bn\u0113tia Far\u0101ni nei n\u014d te mau \u2019ohipa o te \u2019\u0101t\u014dm\u012b, e fa\u2019atura r\u0101 i te mau a te Hau Far\u0101ni n\u014d te vai-hau-noa-ra\u2019a i te pae o te poritita o te fenua \u2019e te p\u0101rurura\u2019a i te mau maita\u2019i \u2019e te p\u016bai o te Hau Far\u0101ni ; te tumu \u00efa i \u2019\u016b\u2019ana ai te mau hi\u2019opo\u2019ara\u2019a a te P\u016b tuat\u0101papara\u2019a \u2019e m\u0101\u2019imira\u2019a (Ser) \u2019e t\u0101na mau piha tuat\u0101papara\u2019a (BE), tei vai i raro a\u2019e i te fa\u2019aterera\u2019a a te mau t\u0101vana hau<span id='footnote-ref-7' class='footnote-ref'><a href='#footnote-7'>[7]<\/a><\/span><\/span><span style=\"font-weight: 400;\">. E fa\u2019atupu teie mau fa\u2019auera\u2019a i te tahi ti\u2019ara\u2019a o te fa\u2019aterera\u2019a hia\u2019aihia, inaha \u2019ua tae roa i te ti\u2019ara\u2019a o te fa\u2019aterera\u2019a hau, i f\u0101na\u2019o i te ti\u2019ara\u2019a teitei fa\u2019ahiahia, e rave rahi taime, o te fa\u2019aterera\u2019a hau o te Hau Nui, t\u016b\u2019ati roa i te aora\u2019i o te \u201cElys\u00e9e\u201d n\u0101 roto i te tonoha\u2019a faufa\u2019a roa a te peretetini o te Hau repupirita Far\u0101ni n\u014d te mau fenua o te Ara Moana, \u2019o Jacques a Foccart t\u0101ne<span id='footnote-ref-8' class='footnote-ref'><a href='#footnote-8'>[8]<\/a><\/span><\/span><span style=\"font-weight: 400;\">.<\/span><\/p>    <\/div>\n<\/div>\n<!-- \/module text -->        <\/div>\n                    <div  data-lazy=\"1\" class=\"module_column tb-column col4-2 tb_lxzr223 last\">\n                    <!-- module plain text -->\n<div  class=\"module module-plain-text tb_0hk0223 \" data-lazy=\"1\">\n        <div class=\"tb_text_wrap\">\n        <\/div>\n<\/div>\n<!-- \/module plain text -->        <\/div>\n                        <\/div>\n        <\/div>\n                        <div  data-lazy=\"1\" class=\"module_row themify_builder_row tb_adya571 tf_w\">\n                        <div class=\"row_inner col_align_top tb_col_count_2 tf_box tf_rel\">\n                        <div  data-lazy=\"1\" class=\"module_column tb-column col4-2 tb_1alk571 first\">\n                    <!-- module text -->\n<div  class=\"module module-text tb_gijt571   \" data-lazy=\"1\">\n        <div  class=\"tb_text_wrap\">\n        <h2 class='separator-section-3'>Page 3<\/h2>\n<p><span style=\"font-weight: 400;\">En 1981, l\u2019alternance socialiste semble amorcer une nouvelle \u00e8re, laissant planer la possibilit\u00e9 d\u2019une remise en cause des institutions de la V<\/span><span style=\"font-weight: 400;\">e<\/span><span style=\"font-weight: 400;\"> R\u00e9publique, susceptible de se r\u00e9percuter sur l\u2019action de l\u2019\u00c9tat Outre-mer. Depuis le d\u00e9but des ann\u00e9es 1970, les socialistes m\u00e9tropolitains per\u00e7oivent en effet les DOM-TOM, et singuli\u00e8rement les territoires du Pacifique sud, comme des territoires n\u00e9ocoloniaux, appr\u00e9hendant l\u2019action de l\u2019\u00c9tat \u00e0 travers une grille de lecture tiers-mondiste<span id='footnote-ref-9' class='footnote-ref'><a href='#footnote-9'>[9]<\/a><\/span><\/span><span style=\"font-weight: 400;\">. Le Programme commun de la gauche de 1972 classe d\u2019ailleurs symboliquement les DOM-TOM dans la partie consacr\u00e9e \u00e0 la politique ext\u00e9rieure. Dans ces conditions, le maintien d\u2019un d\u00e9partement minist\u00e9riel \u00e0 part enti\u00e8re ne para\u00eet pas assur\u00e9 en cas d\u2019alternance politique. Durant la campagne pr\u00e9sidentielle de 1981, le candidat Mitterrand n\u2019a eu de cesse de clamer le droit \u00e0 l\u2019autod\u00e9termination des peuples d\u2019Outre-mer, ouvrant potentiellement la voie aux ind\u00e9pendances et \u00e0 une int\u00e9gration des services de la rue Oudinot au minist\u00e8re de la Coop\u00e9ration<span id='footnote-ref-10' class='footnote-ref'><a href='#footnote-10'>[10]<\/a><\/span><\/span><span style=\"font-weight: 400;\">. Ces perspectives sont cependant vite \u00e9cart\u00e9es au moment de l\u2019accession au pouvoir de Fran\u00e7ois Mitterrand. La d\u00e9b\u00e2cle socialiste dans les DOM-TOM lors de l\u2019\u00e9lection pr\u00e9sidentielle de 1981 pousse Henri Emmanuelli, secr\u00e9taire d\u2019\u00c9tat aux DOM-TOM aupr\u00e8s du ministre de l\u2019Int\u00e9rieur de 1981 \u00e0 1983, \u00e0 la plus grande prudence. Tout projet de suppression de la rue Oudinot est ajourn\u00e9, tandis que sont maintenus \u00e0 leur poste ses principaux cadres, sans volont\u00e9 de substituer \u00e0 la haute fonction publique traditionnelle un personnel venu du militantisme, dans une optique de <\/span><i><span style=\"font-weight: 400;\">spoil system<\/span><\/i><span style=\"font-weight: 400;\"> \u00e0 la fran\u00e7aise. Le maintien \u00e0 ses fonctions du directeur des affaires politiques, administratives et financi\u00e8res, Jean Montpezat, entr\u00e9 rue Oudinot en 1967, et ayant servi Foccart pendant cinq ans \u00e0 l\u2019\u00c9lys\u00e9e de 1969 \u00e0 1974, illustre cette continuit\u00e9 administrative. Tout au plus, au plan institutionnel, le pouvoir socialiste met en \u0153uvre, en 1984, des r\u00e9formes de nature autonomiste en Polyn\u00e9sie fran\u00e7aise et en Nouvelle-Cal\u00e9donie, provoquant notamment dans ce dernier territoire la d\u00e9ception du camp ind\u00e9pendantiste. Le pic de violence politique qui en r\u00e9sulte pousse le gouvernement \u00e0 cr\u00e9er en mai 1985 un poste de ministre de plein exercice, sp\u00e9cifiquement charg\u00e9 de la Nouvelle-Cal\u00e9donie. La d\u00e9mission de son titulaire, Edgard Pisani, met fin d\u00e8s novembre 1985 \u00e0 cette \u00e9ph\u00e9m\u00e8re exp\u00e9rience minist\u00e9rielle qui avait amput\u00e9 la rue Oudinot de la gestion d\u2019un territoire dont elle avait la charge depuis l\u2019origine. De mars 1986 \u00e0 mai 1988, la cohabitation avec la droite voit la rue Oudinot retrouver son statut de minist\u00e8re de plein exercice avec la nomination du gaulliste Bernard Pons au sein du gouvernement de Jacques Chirac. Pendant cette p\u00e9riode, l\u2019organisation du minist\u00e8re \u00e9volue avec la nomination, sous la <\/span><\/p>    <\/div>\n<\/div>\n<!-- \/module text -->        <\/div>\n                    <div  data-lazy=\"1\" class=\"module_column tb-column col4-2 tb_1wrt571 last\">\n                    <!-- module plain text -->\n<div  class=\"module module-plain-text tb_76jn571 \" data-lazy=\"1\">\n        <div class=\"tb_text_wrap\">\n        <\/div>\n<\/div>\n<!-- \/module plain text -->        <\/div>\n                        <\/div>\n        <\/div>\n                        <div  data-lazy=\"1\" class=\"module_row themify_builder_row tb_y2yt738 tf_w\">\n                        <div class=\"row_inner col_align_top tb_col_count_2 tf_box tf_rel\">\n                        <div  data-lazy=\"1\" class=\"module_column tb-column col4-2 tb_eb7c738 first\">\n                    <!-- module text -->\n<div  class=\"module module-text tb_y5zb738   \" data-lazy=\"1\">\n        <div  class=\"tb_text_wrap\">\n        <h2 class='separator-section-4'>Page 4<\/h2>\n<p><span style=\"font-weight: 400;\">tutelle du ministre, du Polyn\u00e9sien Gaston Flosse au poste de secr\u00e9taire d\u2019\u00c9tat charg\u00e9 des probl\u00e8mes du Pacifique sud, qui conduit son action depuis Papeete<span id='footnote-ref-11' class='footnote-ref'><a href='#footnote-11'>[11]<\/a><\/span><\/span><span style=\"font-weight: 400;\">. Dans une optique typiquement gaulliste, envisageant les DOM-TOM comme des vecteurs de puissance et d\u2019influence, le secr\u00e9tariat d\u2019\u00c9tat de Gaston Flosse a pour t\u00e2che de faire rayonner l\u2019action de la France \u00e0 l\u2019\u00e9chelle r\u00e9gionale, dans un contexte de contestation croissante li\u00e9 aux essais nucl\u00e9aires fran\u00e7ais en Polyn\u00e9sie et aux \u00e9v\u00e9nements en cours en Nouvelle-Cal\u00e9donie depuis 1984. L\u2019existence de ce secr\u00e9tariat d\u2019\u00c9tat, li\u00e9e \u00e0 la relation d\u2019amiti\u00e9 qui unit Jacques Chirac \u00e0 Gaston Flosse, ainsi qu\u2019\u00e0 la volont\u00e9 du premier de r\u00e9compenser le second pour sa proximit\u00e9 avec le RPR, ne survit cependant pas \u00e0 cette premi\u00e8re p\u00e9riode d\u2019alternance.\u00a0<\/span><\/p>\n<p><span style=\"font-weight: 400;\">Lors de l\u2019\u00e9lection pr\u00e9sidentielle de 1988, les larges succ\u00e8s remport\u00e9s par Fran\u00e7ois Mitterrand dans la plupart des DOM-TOM (54,5% en Polyn\u00e9sie fran\u00e7aise au second tour) valident le bien-fond\u00e9 d\u2019une approche politique de l\u2019Outre-mer plus pragmatique, loin des conceptions id\u00e9ologiques empreintes de tiers-mondisme des ann\u00e9es 1970. En 1988, les socialistes font le choix de maintenir la \u00ab\u00a0formule gaulliste\u00a0\u00bb d\u2019un minist\u00e8re de plein exercice, mieux en phase avec les attentes des grands \u00e9lus ultramarins, dont le r\u00f4le d\u2019instance de m\u00e9diation politique entre le centre et ses p\u00e9riph\u00e9ries d\u2019Outre-mer a eu nettement tendance \u00e0 se renforcer depuis le d\u00e9but des ann\u00e9es 1980, sous le double effet de la d\u00e9centralisation dans les DOM et des statuts d\u2019autonomie dans les TOM (cf. poids d\u2019Aim\u00e9 C\u00e9saire et de Paul Verg\u00e8s sous les gouvernements de gauche, puis de Gaston Flosse pour la droite). En 1988, la fonction de ministre des DOM-TOM est confi\u00e9e \u00e0 Louis Le Pensec, un proche de Michel Rocard, qui se maintient en fonction jusqu\u2019en 1993 \u2013 \u00e9galant le record de long\u00e9vit\u00e9 du gaulliste Louis Jacquinot en poste de 1961 \u00e0 1966 \u2013 avec pour feuille de route, s\u2019agissant de la Polyn\u00e9sie fran\u00e7aise, la gestion des cons\u00e9quences financi\u00e8res du moratoire sur les essais nucl\u00e9aires De 1993 \u00e0 1995, durant la seconde cohabitation, son successeur Dominique Perben poursuit ces diff\u00e9rents chantiers, notamment celui concernant la Polyn\u00e9sie fran\u00e7aise, qui aboutit \u00e0 la loi du 5 f\u00e9vrier 1994 pour le d\u00e9veloppement \u00e9conomique, social et culturel du territoire<span id='footnote-ref-12' class='footnote-ref'><a href='#footnote-12'>[12]<\/a><\/span><\/span><span style=\"font-weight: 400;\">. S\u2019installe ainsi v\u00e9ritablement, au cours du second mandat de Fran\u00e7ois Mitterrand, l\u2019id\u00e9e d\u2019une continuit\u00e9 de l\u2019action de la rue Oudinot tendant \u00e0 att\u00e9nuer l\u2019acuit\u00e9 du clivage gauche-droite <\/span><span style=\"font-weight: 400;\">\u2013<\/span><span style=\"font-weight: 400;\"> loin des oppositions tranch\u00e9es d\u2019avant 1981\u00a0<\/span><span style=\"font-weight: 400;\">\u2013<\/span><span style=\"font-weight: 400;\"> et l\u2019effet des alternances politiques. La politisation de la reprise des essais nucl\u00e9aires en 1995, exacerb\u00e9e par la r\u00e9cente situation de <\/span>cohabitation, appara\u00eet comme l\u2019une des derni\u00e8res grandes mises en sc\u00e8ne de profonde divergence entre la droite et la gauche de gouvernement au sujet de l\u2019Outre-mer.\u00a0<\/p>\n<p>Progressivement, depuis 1959, le minist\u00e8re des Outre-mer s\u2019est ainsi impos\u00e9 comme un acquis institutionnel que nul ne songe d\u00e9sormais, \u00e0 l\u2019int\u00e9rieur comme \u00e0 l\u2019ext\u00e9rieur de l\u2019\u00c9tat, \u00e0 remettre en cause. \u00c0 l\u2019origine, sa p\u00e9rennit\u00e9 \u00e9tait pourtant loin d\u2019\u00eatre acquise, tant ses premi\u00e8res ann\u00e9es se sont d\u00e9roul\u00e9es dans un contexte mouvant, \u00e0 la fois marqu\u00e9 par l\u2019accession \u00e0 la souverainet\u00e9 des \u00c9tats d\u2019Afrique subsaharienne, que les architectes gaullistes de la Communaut\u00e9 fran\u00e7aise n\u2019avaient pas imagin\u00e9 dans des d\u00e9lais si courts, et l\u2019ind\u00e9pendance de l\u2019Alg\u00e9rie. N\u00e9anmoins, l\u2019\u00e9loignement progressif du spectre de la d\u00e9colonisation de ces territoires apr\u00e8s 1962, en d\u00e9pit de violents \u00e9pisodes de contestation comme \u00e0 Djibouti ou en Guadeloupe en 1967, finit par l\u2019installer dans le paysage institutionnel de la Ve R\u00e9publique comme un instrument l\u00e9gitime de gestion de territoires p\u00e9riph\u00e9riques, per\u00e7us comme n\u00e9cessitant un traitement \u00ab\u00a0sp\u00e9cifique\u00a0\u00bb. Cette installation progressive n\u2019a pourtant pas r\u00e9ussi \u00e0 mettre un terme \u00e0 ses changements r\u00e9currents d\u2019\u00e9chelon \u2013 minist\u00e8re ou secr\u00e9tariat d\u2019\u00c9tat, de plein exercice ou d\u00e9l\u00e9gu\u00e9 aupr\u00e8s du Premier ministre ou du ministre de l\u2019Int\u00e9rieur \u2013, attestant d\u2019une incapacit\u00e9 \u00e0 d\u00e9finir une formule stable de gouvernement central des Outre-mer.<\/p>    <\/div>\n<\/div>\n<!-- \/module text -->        <\/div>\n                    <div  data-lazy=\"1\" class=\"module_column tb-column col4-2 tb_aehw738 last\">\n                    <!-- module plain text -->\n<div  class=\"module module-plain-text tb_dvx7738 \" data-lazy=\"1\">\n        <div class=\"tb_text_wrap\">\n        <\/div>\n<\/div>\n<!-- \/module plain text -->        <\/div>\n                        <\/div>\n        <\/div>\n        <\/div>\n<!--\/themify_builder_content-->","protected":false},"excerpt":{"rendered":"<p><h2 class='separator-section-5'>Page 1<\/h2> Te fa\u2019aterera\u2019a hau o te Ara Moana, mai t\u014dna p\u016bra\u2019a mai \u2019e tae atu i te mau t\u0101matamatara\u2019a \u2019\u0101t\u014dm\u012b Far\u0101ni hope\u2019a i Patitifa \u2019apato\u2019a (1959-1996). \u2019Ia au i t\u014dna huru i teie mahana, \u2019ua ti\u2019a mai te fa\u2019aterera\u2019a hau o te Ara Moana &#8211; t\u014dna i\u2019oa mai te matahiti 2012- i te [&hellip;]<\/p>\n","protected":false},"featured_media":1546,"menu_order":0,"template":"","format":"standard","meta":{"_acf_changed":false,"footnotes":""},"categories":[77],"tags":[],"autrice--auteur":[],"chronologie":[53,54,116,164,117,118],"institution":[97,96],"nom-commun":[],"nom-propre":[93,94,95],"class_list":["post-1190","notice-cep","type-notice-cep","status-publish","format-standard","has-post-thumbnail","hentry","category-fare-faatia-hau-pu-mana","chronologie-annee-60","chronologie-avant-1960","chronologie-annee-60-tah","chronologie-avant-1960-tah","chronologie-annee-70-tah","chronologie-annee-80-tah","institution-peretiteniraa-o-te-hau-repupirita","institution-rururaa-iti","nom-propre-aroa-oudinot","nom-propre-jacques-a-foccart","nom-propre-jean-a-montpezat","has-post-title","has-post-date","has-post-category","has-post-tag","has-post-comment","has-post-author",""],"acf":[],"yoast_head":"<!-- This site is optimized with the Yoast SEO Premium plugin v24.4 (Yoast SEO v27.1.1) - https:\/\/yoast.com\/product\/yoast-seo-premium-wordpress\/ -->\n<title>Te fa\u2019aterera\u2019a hau o te Ara Moana, mai t\u014dna p\u016bra\u2019a mai \u2019e tae atu i te mau t\u0101matamatara\u2019a \u2019\u0101t\u014dm\u012b Far\u0101ni hope\u2019a i Patitifa \u2019apato\u2019a (1959-1996) - Dictionnaire historique du CEP<\/title>\n<meta name=\"robots\" content=\"index, follow, max-snippet:-1, max-image-preview:large, max-video-preview:-1\" \/>\n<link rel=\"canonical\" href=\"https:\/\/dictionnaire-cep.upf.pf\/notice-cep\/le-ministere-des-outre-mer-de-sa-creation-aux-derniers-essais-nucleaires-francais-dans-le-pacifique-sud-1959-1996\/\" \/>\n<meta property=\"og:locale\" content=\"en_US\" \/>\n<meta property=\"og:type\" content=\"article\" \/>\n<meta property=\"og:title\" content=\"Te fa\u2019aterera\u2019a hau o te Ara Moana, mai t\u014dna p\u016bra\u2019a mai \u2019e tae atu i te mau t\u0101matamatara\u2019a \u2019\u0101t\u014dm\u012b Far\u0101ni hope\u2019a i Patitifa \u2019apato\u2019a (1959-1996)\" \/>\n<meta property=\"og:description\" content=\"Te fa\u2019aterera\u2019a hau o te Ara Moana, mai t\u014dna p\u016bra\u2019a mai \u2019e tae atu i te mau t\u0101matamatara\u2019a \u2019\u0101t\u014dm\u012b Far\u0101ni hope\u2019a i Patitifa \u2019apato\u2019a (1959-1996). \u2019Ia au i t\u014dna huru i teie mahana, \u2019ua ti\u2019a mai te fa\u2019aterera\u2019a hau o te Ara Moana - t\u014dna i\u2019oa mai te matahiti 2012- i te [&hellip;]\" \/>\n<meta property=\"og:url\" content=\"https:\/\/dictionnaire-cep.upf.pf\/notice-cep\/le-ministere-des-outre-mer-de-sa-creation-aux-derniers-essais-nucleaires-francais-dans-le-pacifique-sud-1959-1996\/\" \/>\n<meta property=\"og:site_name\" content=\"Dictionnaire historique du CEP\" \/>\n<meta property=\"article:modified_time\" content=\"2024-12-26T19:59:43+00:00\" \/>\n<meta property=\"og:image\" content=\"https:\/\/dictionnaire-cep.upf.pf\/wp-content\/uploads\/2024\/11\/1977_08_Olivier_Stirn_coll_part.jpg\" \/>\n\t<meta property=\"og:image:width\" content=\"2184\" \/>\n\t<meta property=\"og:image:height\" content=\"440\" \/>\n\t<meta property=\"og:image:type\" content=\"image\/jpeg\" \/>\n<meta name=\"twitter:card\" content=\"summary_large_image\" \/>\n<meta name=\"twitter:label1\" content=\"Est. reading time\" \/>\n\t<meta name=\"twitter:data1\" content=\"14 minutes\" \/>\n<script type=\"application\/ld+json\" class=\"yoast-schema-graph\">{\"@context\":\"https:\/\/schema.org\",\"@graph\":[{\"@type\":\"WebPage\",\"@id\":\"https:\/\/dictionnaire-cep.upf.pf\/notice-cep\/le-ministere-des-outre-mer-de-sa-creation-aux-derniers-essais-nucleaires-francais-dans-le-pacifique-sud-1959-1996\/\",\"url\":\"https:\/\/dictionnaire-cep.upf.pf\/notice-cep\/le-ministere-des-outre-mer-de-sa-creation-aux-derniers-essais-nucleaires-francais-dans-le-pacifique-sud-1959-1996\/\",\"name\":\"Te fa\u2019aterera\u2019a hau o te Ara Moana, mai t\u014dna p\u016bra\u2019a mai \u2019e tae atu i te mau t\u0101matamatara\u2019a \u2019\u0101t\u014dm\u012b Far\u0101ni hope\u2019a i Patitifa \u2019apato\u2019a (1959-1996) - Dictionnaire historique du CEP\",\"isPartOf\":{\"@id\":\"https:\/\/dictionnaire-cep.upf.pf\/#website\"},\"primaryImageOfPage\":{\"@id\":\"https:\/\/dictionnaire-cep.upf.pf\/notice-cep\/le-ministere-des-outre-mer-de-sa-creation-aux-derniers-essais-nucleaires-francais-dans-le-pacifique-sud-1959-1996\/#primaryimage\"},\"image\":{\"@id\":\"https:\/\/dictionnaire-cep.upf.pf\/notice-cep\/le-ministere-des-outre-mer-de-sa-creation-aux-derniers-essais-nucleaires-francais-dans-le-pacifique-sud-1959-1996\/#primaryimage\"},\"thumbnailUrl\":\"https:\/\/dictionnaire-cep.upf.pf\/wp-content\/uploads\/2024\/11\/1977_08_Olivier_Stirn_coll_part.jpg\",\"datePublished\":\"2024-11-29T19:48:50+00:00\",\"dateModified\":\"2024-12-26T19:59:43+00:00\",\"breadcrumb\":{\"@id\":\"https:\/\/dictionnaire-cep.upf.pf\/notice-cep\/le-ministere-des-outre-mer-de-sa-creation-aux-derniers-essais-nucleaires-francais-dans-le-pacifique-sud-1959-1996\/#breadcrumb\"},\"inLanguage\":\"ty-reo\",\"potentialAction\":[{\"@type\":\"ReadAction\",\"target\":[\"https:\/\/dictionnaire-cep.upf.pf\/notice-cep\/le-ministere-des-outre-mer-de-sa-creation-aux-derniers-essais-nucleaires-francais-dans-le-pacifique-sud-1959-1996\/\"]}]},{\"@type\":\"ImageObject\",\"inLanguage\":\"ty-reo\",\"@id\":\"https:\/\/dictionnaire-cep.upf.pf\/notice-cep\/le-ministere-des-outre-mer-de-sa-creation-aux-derniers-essais-nucleaires-francais-dans-le-pacifique-sud-1959-1996\/#primaryimage\",\"url\":\"https:\/\/dictionnaire-cep.upf.pf\/wp-content\/uploads\/2024\/11\/1977_08_Olivier_Stirn_coll_part.jpg\",\"contentUrl\":\"https:\/\/dictionnaire-cep.upf.pf\/wp-content\/uploads\/2024\/11\/1977_08_Olivier_Stirn_coll_part.jpg\",\"width\":2184,\"height\":440},{\"@type\":\"BreadcrumbList\",\"@id\":\"https:\/\/dictionnaire-cep.upf.pf\/notice-cep\/le-ministere-des-outre-mer-de-sa-creation-aux-derniers-essais-nucleaires-francais-dans-le-pacifique-sud-1959-1996\/#breadcrumb\",\"itemListElement\":[{\"@type\":\"ListItem\",\"position\":1,\"name\":\"Accueil\",\"item\":\"https:\/\/dictionnaire-cep.upf.pf\/tah\/\"},{\"@type\":\"ListItem\",\"position\":2,\"name\":\"Notices-CEP\",\"item\":\"https:\/\/dictionnaire-cep.upf.pf\/notice-archive\/\"},{\"@type\":\"ListItem\",\"position\":3,\"name\":\"Te fa\u2019aterera\u2019a hau o te Ara Moana, mai t\u014dna p\u016bra\u2019a mai \u2019e tae atu i te mau t\u0101matamatara\u2019a \u2019\u0101t\u014dm\u012b Far\u0101ni hope\u2019a i Patitifa \u2019apato\u2019a (1959-1996)\"}]},{\"@type\":\"WebSite\",\"@id\":\"https:\/\/dictionnaire-cep.upf.pf\/#website\",\"url\":\"https:\/\/dictionnaire-cep.upf.pf\/\",\"name\":\"Dictionnaire historique du CEP\",\"description\":\"\",\"publisher\":{\"@id\":\"https:\/\/dictionnaire-cep.upf.pf\/#organization\"},\"potentialAction\":[{\"@type\":\"SearchAction\",\"target\":{\"@type\":\"EntryPoint\",\"urlTemplate\":\"https:\/\/dictionnaire-cep.upf.pf\/?s={search_term_string}\"},\"query-input\":{\"@type\":\"PropertyValueSpecification\",\"valueRequired\":true,\"valueName\":\"search_term_string\"}}],\"inLanguage\":\"ty-reo\"},{\"@type\":\"Organization\",\"@id\":\"https:\/\/dictionnaire-cep.upf.pf\/#organization\",\"name\":\"Dictionnaire historique du CEP\",\"url\":\"https:\/\/dictionnaire-cep.upf.pf\/\",\"logo\":{\"@type\":\"ImageObject\",\"inLanguage\":\"ty-reo\",\"@id\":\"https:\/\/dictionnaire-cep.upf.pf\/#\/schema\/logo\/image\/\",\"url\":\"https:\/\/dictionnaire-cep.upf.pf\/wp-content\/uploads\/2025\/02\/logo-dictionnaire-du-cep-bg-dark.png\",\"contentUrl\":\"https:\/\/dictionnaire-cep.upf.pf\/wp-content\/uploads\/2025\/02\/logo-dictionnaire-du-cep-bg-dark.png\",\"width\":790,\"height\":782,\"caption\":\"Dictionnaire historique du CEP\"},\"image\":{\"@id\":\"https:\/\/dictionnaire-cep.upf.pf\/#\/schema\/logo\/image\/\"},\"publishingPrinciples\":\"https:\/\/dictionnaire-cep.upf.pf\/notices\/\"}]}<\/script>\n<!-- \/ Yoast SEO Premium plugin. -->","yoast_head_json":{"title":"Te fa\u2019aterera\u2019a hau o te Ara Moana, mai t\u014dna p\u016bra\u2019a mai \u2019e tae atu i te mau t\u0101matamatara\u2019a \u2019\u0101t\u014dm\u012b Far\u0101ni hope\u2019a i Patitifa \u2019apato\u2019a (1959-1996) - Dictionnaire historique du CEP","robots":{"index":"index","follow":"follow","max-snippet":"max-snippet:-1","max-image-preview":"max-image-preview:large","max-video-preview":"max-video-preview:-1"},"canonical":"https:\/\/dictionnaire-cep.upf.pf\/notice-cep\/le-ministere-des-outre-mer-de-sa-creation-aux-derniers-essais-nucleaires-francais-dans-le-pacifique-sud-1959-1996\/","og_locale":"en_US","og_type":"article","og_title":"Te fa\u2019aterera\u2019a hau o te Ara Moana, mai t\u014dna p\u016bra\u2019a mai \u2019e tae atu i te mau t\u0101matamatara\u2019a \u2019\u0101t\u014dm\u012b Far\u0101ni hope\u2019a i Patitifa \u2019apato\u2019a (1959-1996)","og_description":"Te fa\u2019aterera\u2019a hau o te Ara Moana, mai t\u014dna p\u016bra\u2019a mai \u2019e tae atu i te mau t\u0101matamatara\u2019a \u2019\u0101t\u014dm\u012b Far\u0101ni hope\u2019a i Patitifa \u2019apato\u2019a (1959-1996). \u2019Ia au i t\u014dna huru i teie mahana, \u2019ua ti\u2019a mai te fa\u2019aterera\u2019a hau o te Ara Moana - t\u014dna i\u2019oa mai te matahiti 2012- i te [&hellip;]","og_url":"https:\/\/dictionnaire-cep.upf.pf\/notice-cep\/le-ministere-des-outre-mer-de-sa-creation-aux-derniers-essais-nucleaires-francais-dans-le-pacifique-sud-1959-1996\/","og_site_name":"Dictionnaire historique du CEP","article_modified_time":"2024-12-26T19:59:43+00:00","og_image":[{"width":2184,"height":440,"url":"https:\/\/dictionnaire-cep.upf.pf\/wp-content\/uploads\/2024\/11\/1977_08_Olivier_Stirn_coll_part.jpg","type":"image\/jpeg"}],"twitter_card":"summary_large_image","twitter_misc":{"Est. reading time":"14 minutes"},"schema":{"@context":"https:\/\/schema.org","@graph":[{"@type":"WebPage","@id":"https:\/\/dictionnaire-cep.upf.pf\/notice-cep\/le-ministere-des-outre-mer-de-sa-creation-aux-derniers-essais-nucleaires-francais-dans-le-pacifique-sud-1959-1996\/","url":"https:\/\/dictionnaire-cep.upf.pf\/notice-cep\/le-ministere-des-outre-mer-de-sa-creation-aux-derniers-essais-nucleaires-francais-dans-le-pacifique-sud-1959-1996\/","name":"Te fa\u2019aterera\u2019a hau o te Ara Moana, mai t\u014dna p\u016bra\u2019a mai \u2019e tae atu i te mau t\u0101matamatara\u2019a \u2019\u0101t\u014dm\u012b Far\u0101ni hope\u2019a i Patitifa \u2019apato\u2019a (1959-1996) - Dictionnaire historique du CEP","isPartOf":{"@id":"https:\/\/dictionnaire-cep.upf.pf\/#website"},"primaryImageOfPage":{"@id":"https:\/\/dictionnaire-cep.upf.pf\/notice-cep\/le-ministere-des-outre-mer-de-sa-creation-aux-derniers-essais-nucleaires-francais-dans-le-pacifique-sud-1959-1996\/#primaryimage"},"image":{"@id":"https:\/\/dictionnaire-cep.upf.pf\/notice-cep\/le-ministere-des-outre-mer-de-sa-creation-aux-derniers-essais-nucleaires-francais-dans-le-pacifique-sud-1959-1996\/#primaryimage"},"thumbnailUrl":"https:\/\/dictionnaire-cep.upf.pf\/wp-content\/uploads\/2024\/11\/1977_08_Olivier_Stirn_coll_part.jpg","datePublished":"2024-11-29T19:48:50+00:00","dateModified":"2024-12-26T19:59:43+00:00","breadcrumb":{"@id":"https:\/\/dictionnaire-cep.upf.pf\/notice-cep\/le-ministere-des-outre-mer-de-sa-creation-aux-derniers-essais-nucleaires-francais-dans-le-pacifique-sud-1959-1996\/#breadcrumb"},"inLanguage":"ty-reo","potentialAction":[{"@type":"ReadAction","target":["https:\/\/dictionnaire-cep.upf.pf\/notice-cep\/le-ministere-des-outre-mer-de-sa-creation-aux-derniers-essais-nucleaires-francais-dans-le-pacifique-sud-1959-1996\/"]}]},{"@type":"ImageObject","inLanguage":"ty-reo","@id":"https:\/\/dictionnaire-cep.upf.pf\/notice-cep\/le-ministere-des-outre-mer-de-sa-creation-aux-derniers-essais-nucleaires-francais-dans-le-pacifique-sud-1959-1996\/#primaryimage","url":"https:\/\/dictionnaire-cep.upf.pf\/wp-content\/uploads\/2024\/11\/1977_08_Olivier_Stirn_coll_part.jpg","contentUrl":"https:\/\/dictionnaire-cep.upf.pf\/wp-content\/uploads\/2024\/11\/1977_08_Olivier_Stirn_coll_part.jpg","width":2184,"height":440},{"@type":"BreadcrumbList","@id":"https:\/\/dictionnaire-cep.upf.pf\/notice-cep\/le-ministere-des-outre-mer-de-sa-creation-aux-derniers-essais-nucleaires-francais-dans-le-pacifique-sud-1959-1996\/#breadcrumb","itemListElement":[{"@type":"ListItem","position":1,"name":"Accueil","item":"https:\/\/dictionnaire-cep.upf.pf\/tah\/"},{"@type":"ListItem","position":2,"name":"Notices-CEP","item":"https:\/\/dictionnaire-cep.upf.pf\/notice-archive\/"},{"@type":"ListItem","position":3,"name":"Te fa\u2019aterera\u2019a hau o te Ara Moana, mai t\u014dna p\u016bra\u2019a mai \u2019e tae atu i te mau t\u0101matamatara\u2019a \u2019\u0101t\u014dm\u012b Far\u0101ni hope\u2019a i Patitifa \u2019apato\u2019a (1959-1996)"}]},{"@type":"WebSite","@id":"https:\/\/dictionnaire-cep.upf.pf\/#website","url":"https:\/\/dictionnaire-cep.upf.pf\/","name":"Dictionnaire historique du CEP","description":"","publisher":{"@id":"https:\/\/dictionnaire-cep.upf.pf\/#organization"},"potentialAction":[{"@type":"SearchAction","target":{"@type":"EntryPoint","urlTemplate":"https:\/\/dictionnaire-cep.upf.pf\/?s={search_term_string}"},"query-input":{"@type":"PropertyValueSpecification","valueRequired":true,"valueName":"search_term_string"}}],"inLanguage":"ty-reo"},{"@type":"Organization","@id":"https:\/\/dictionnaire-cep.upf.pf\/#organization","name":"Dictionnaire historique du CEP","url":"https:\/\/dictionnaire-cep.upf.pf\/","logo":{"@type":"ImageObject","inLanguage":"ty-reo","@id":"https:\/\/dictionnaire-cep.upf.pf\/#\/schema\/logo\/image\/","url":"https:\/\/dictionnaire-cep.upf.pf\/wp-content\/uploads\/2025\/02\/logo-dictionnaire-du-cep-bg-dark.png","contentUrl":"https:\/\/dictionnaire-cep.upf.pf\/wp-content\/uploads\/2025\/02\/logo-dictionnaire-du-cep-bg-dark.png","width":790,"height":782,"caption":"Dictionnaire historique du CEP"},"image":{"@id":"https:\/\/dictionnaire-cep.upf.pf\/#\/schema\/logo\/image\/"},"publishingPrinciples":"https:\/\/dictionnaire-cep.upf.pf\/notices\/"}]}},"builder_content":"<p>[section_separator title=\"Page 1\"]<\/p> <h3><b>Te fa\u2019aterera\u2019a hau o te Ara Moana, mai t\u014dna p\u016bra\u2019a mai \u2019e tae atu i te mau t\u0101matamatara\u2019a \u2019\u0101t\u014dm\u012b Far\u0101ni hope\u2019a i Patitifa \u2019apato\u2019a (1959-1996).<\/b><\/h3> <p>\u2019Ia au i t\u014dna huru i teie mahana, \u2019ua ti\u2019a mai te fa\u2019aterera\u2019a hau o te Ara Moana - t\u014dna i\u2019oa mai te matahiti 2012- i te \u2019\u0101va\u2019e tenuare n\u014d te matahiti 1959,i muri a\u2019e i te tau o te uiuira\u2019a mana\u2019o mana n\u014d te \u2019\u0101va\u2019e n\u014d tetepa n\u014d te matahiti 1958.\u2019Ua fa\u2019ata\u2019a \u2019\u0113 \u2019oia te huru o te mau fenua mero n\u014d te ivin\u016bna\u2019a Far\u0101ni e vai ra i te fenua \u2019Afirita \u2019e te fenua Madagascar, i te mau fenua o te Ara Moana (DOM-TOM) [footnote]Yvan Combeau (dir.), Pu\u2019e parau \u00ab\u00a0<i>Mai1958 et l\u2019Outre-mer fran\u00e7ais<\/i>\u00a0\u00bb, <i>Outre-mers. Revue d\u2019histoire<\/i>, tome 95, na 358-359, 2008\/1, \u2019api. 7-145.\u00a0[\/footnote], \u2019e \u2019ua ha\u2019amanahia te fa\u2019a\u2019orera\u2019a i te fa\u2019aterera\u2019a hau \u2019o te hau Far\u0101ni \u2019o te mau fenua n\u014d te Ara Moana i ha\u2019amauhia i te matahiti 1946 n\u014d te monora\u2019a i te fa\u2019aterera\u2019a hau o te mau fenua \u2019aihu\u2019ar\u0101\u2019au. \u2019Ua horo\u2019ahia te ti\u2019a\u2019aura\u2019a o te mau fenua n\u014d te Ara Moana i te fa\u2019aterera\u2019a hau \u2019\u0101p\u012b tei pi\u2019ihia n\u014d te Sahara, te mau fenua n\u014d te Ara Moana[footnote]Te \u2019aravihi o te fa\u2019aterera\u2019a hau i ni\u2019a i te m\u0113t\u0113para Sahara, tei ni\u2019a \u00efa i te mau tuha\u2019a fenua n\u014d Saoura \u2019e te mau Oasis, mai roto mai i te \u0101rea fenua tahito pi\u2019ihia \u00ab\u00a0Fenua n\u014d \u00a0\u2018Apato\u2019a \u00bb. Te ti\u2019am\u0101ra\u2019a mai te fenua Areteria, i \u2019ore ai te mana o te fa\u2019aterera\u2019a hau i taua fenua ra[\/footnote]. \u2019Ua horo\u2019ahia te fa\u2019aterera\u2019a ia Jacques a Soustelle t\u0101ne, e ti\u2019a p\u0101p\u016b n\u014d te pupu poritita \u00ab\u00a0gauliste\u00a0\u00bb, tei m\u0101tarohia n\u014d t\u014dna p\u0101to\u2019i-\u2019\u016b\u2019ana-ra\u2019a\u00a0i te fa\u2019ati\u2019am\u0101ra\u2019a fenua, i te aro\u0101 Oudinot \u2019oia, i roto i te mau fare i noho.hia na e te fa\u2019aterera\u2019a hau o te mau fenua \u2019aihu\u2019ar\u0101\u2019au mai te matahiti 1910 \u2019e tae atu i te matahiti 1946, \u2019e tei p\u0101rahihia e te fa\u2019aterera\u2019a hau o te hau Far\u0101ni \u2019o te mau fenua n\u014d te Ara Moana (hoho\u2019a 1)<\/p>\n[sidebar_references]\n<ul><li><h4>Figure 1<\/h4><img src=\"https:\/\/dictionnaire-cep.upf.pf\/wp-content\/uploads\/2024\/11\/Le-ministere-des-Outre-mer-de-sa-creation-aux-derniers-essais-nucleaires-francais-dans-le-Pacifique-Sud-1959-1996.jpg\" title=\"Screenshot\" alt=\"Hoho\u2019a ti\u2019ara\u2019a mana \u2019ore a Wikipedia. \u201cTe tomora\u2019a o te fa\u2019aterera\u2019a hau o te Ara Moana, 27 aro\u0101 Oudinot, Pari (\u2019\u0101va\u2019e n\u014d m\u0113, i te matahiti 2012)\u201d.\" srcset=\"https:\/\/dictionnaire-cep.upf.pf\/wp-content\/uploads\/2024\/11\/Le-ministere-des-Outre-mer-de-sa-creation-aux-derniers-essais-nucleaires-francais-dans-le-Pacifique-Sud-1959-1996.jpg 1812w, https:\/\/dictionnaire-cep.upf.pf\/wp-content\/uploads\/2024\/11\/Le-ministere-des-Outre-mer-de-sa-creation-aux-derniers-essais-nucleaires-francais-dans-le-Pacifique-Sud-1959-1996-300x224.jpg 300w, https:\/\/dictionnaire-cep.upf.pf\/wp-content\/uploads\/2024\/11\/Le-ministere-des-Outre-mer-de-sa-creation-aux-derniers-essais-nucleaires-francais-dans-le-Pacifique-Sud-1959-1996-1024x764.jpg 1024w, https:\/\/dictionnaire-cep.upf.pf\/wp-content\/uploads\/2024\/11\/Le-ministere-des-Outre-mer-de-sa-creation-aux-derniers-essais-nucleaires-francais-dans-le-Pacifique-Sud-1959-1996-768x573.jpg 768w, https:\/\/dictionnaire-cep.upf.pf\/wp-content\/uploads\/2024\/11\/Le-ministere-des-Outre-mer-de-sa-creation-aux-derniers-essais-nucleaires-francais-dans-le-Pacifique-Sud-1959-1996-1536x1146.jpg 1536w\" sizes=\"(max-width: 1812px) 100vw, 1812px\" \/> Hoho\u2019a ti\u2019ara\u2019a mana \u2019ore a Wikipedia. \u201cTe tomora\u2019a o te fa\u2019aterera\u2019a hau o te Ara Moana, 27 aro\u0101 Oudinot, Pari (\u2019\u0101va\u2019e n\u014d m\u0113, i te matahiti 2012)\u201d.<\/li><\/ul>\n<img src=\"https:\/\/dictionnaire-cep.upf.pf\/wp-content\/uploads\/2024\/11\/Le-ministere-des-Outre-mer-de-sa-creation-aux-derniers-essais-nucleaires-francais-dans-le-Pacifique-Sud-1959-1996.jpg\" title=\"Screenshot\" alt=\"Hoho\u2019a ti\u2019ara\u2019a mana \u2019ore a Wikipedia. \u201cTe tomora\u2019a o te fa\u2019aterera\u2019a hau o te Ara Moana, 27 aro\u0101 Oudinot, Pari (\u2019\u0101va\u2019e n\u014d m\u0113, i te matahiti 2012)\u201d.\" srcset=\"https:\/\/dictionnaire-cep.upf.pf\/wp-content\/uploads\/2024\/11\/Le-ministere-des-Outre-mer-de-sa-creation-aux-derniers-essais-nucleaires-francais-dans-le-Pacifique-Sud-1959-1996.jpg 1812w, https:\/\/dictionnaire-cep.upf.pf\/wp-content\/uploads\/2024\/11\/Le-ministere-des-Outre-mer-de-sa-creation-aux-derniers-essais-nucleaires-francais-dans-le-Pacifique-Sud-1959-1996-300x224.jpg 300w, https:\/\/dictionnaire-cep.upf.pf\/wp-content\/uploads\/2024\/11\/Le-ministere-des-Outre-mer-de-sa-creation-aux-derniers-essais-nucleaires-francais-dans-le-Pacifique-Sud-1959-1996-1024x764.jpg 1024w, https:\/\/dictionnaire-cep.upf.pf\/wp-content\/uploads\/2024\/11\/Le-ministere-des-Outre-mer-de-sa-creation-aux-derniers-essais-nucleaires-francais-dans-le-Pacifique-Sud-1959-1996-768x573.jpg 768w, https:\/\/dictionnaire-cep.upf.pf\/wp-content\/uploads\/2024\/11\/Le-ministere-des-Outre-mer-de-sa-creation-aux-derniers-essais-nucleaires-francais-dans-le-Pacifique-Sud-1959-1996-1536x1146.jpg 1536w\" sizes=\"(max-width: 1812px) 100vw, 1812px\" \/> Hoho\u2019a ti\u2019ara\u2019a mana \u2019ore a Wikipedia. \u201cTe tomora\u2019a o te fa\u2019aterera\u2019a hau o te Ara Moana, 27 aro\u0101 Oudinot, Pari (\u2019\u0101va\u2019e n\u014d m\u0113, i te matahiti 2012)\u201d.\n<p>[section_separator title=\"Page 2\"]<\/p> <p>I te ha\u2019amaura\u2019ahia, i te \u2019\u0101va\u2019e n\u014d tenuare n\u014d te matahiti 1959, e riro t\u0101na fa\u2019aterera\u2019a a te hau \u2019ei ha\u2019aputuputura\u2019a i te mau piha t\u014dro\u2019a i vai na, i tu\u2019uhia na i raro a\u2019e i te p\u0101rurura\u2019a a te mau fenua o te fa\u2019aterera\u2019a hau ta\u2019a\u2019\u0113 mau[footnote]Sylvain Mary, <i>D\u00e9coloniser les Antilles\u00a0? Une histoire de l\u2019\u00c9tat post-colonial (1946-1982)<\/i>, Paris, Sorbonne Universit\u00e9 Presses, 2021\u2019api 97 \u2019e t\u014d muri mai.[\/footnote]. N\u0101 te p\u0101pa\u2019ira\u2019a parau nui o te mau fenua \u201cDOM\u201d e ti\u2019a\u2019au i te mau fenua n\u014d Antilles-Guyane \u2019e R\u00e9union, o t\u0113 tae roa i te fa\u2019aterera\u2019a hau o te mau \u2019ohipa roto o te fenua, t\u0113 p\u016bai fa\u2019ahou atu n\u0101 roto i te f\u0101na\u2019ora\u2019a i te tahi piha \u2019ohipa mai roto mai i te fa\u2019aterera\u2019a hau o te faufa\u2019a; n\u0101 te fa\u2019aterera\u2019a o te mau fenua \u201cTOM\u201d, n\u014d roto mai i te fa\u2019aterera\u2019a hau \u2019o te hau Far\u0101ni \u2019o te mau fenua n\u014d te Ara Moana, e ti\u2019a\u2019au i te mau fenua \u00ab TOM \u00bb. I roto i teie n\u0101 fa\u2019anahora\u2019a e piti, e \u2019itehia te tahi f\u0101ito-\u2019ore-ra\u2019a, te f\u0101na\u2019o ra te mau fenua \u00ab DOM \u00bb. I te p\u016b o te fa\u2019aterera\u2019a hau, te piha\u00a0fa\u2019atere i te p\u0101pa\u2019ira\u2019a parau nui, tei f\u0101na\u2019o i te papa ture \u00ab fa\u2019aterera\u2019a tonoha\u2019a a te hau[footnote]Edgar Pisani, \u00ab\u00a0Administration de gestion, administration de mission\u00a0\u00bb, <i>Revue fran\u00e7aise de science politique<\/i>, na\u00a02, 1956. \u2019api. 315-330.[\/footnote]\u00bb, tei ruru i te mau r\u0101ve\u2019a faufa\u2019a ato\u2019a a te fa\u2019aterera\u2019a hau, t\u0113 ha\u2019ap\u0101p\u016b ra i te tahi hia\u2019ai n\u014d ter\u0101 mau fenua \u00ab DOM \u00bb, \u2019aore roa te mau fenua \u00ab TOM \u00bb e f\u0101na\u2019o. T\u0113 fa\u2019a\u2019ite ra te ture t\u0101pura n\u014d te mau fenua DOM n\u014d te 30 n\u014d tiurai n\u014d te matahiti 1960, i te tahi nu\u2019ura\u2019a rahi n\u014d te f\u0101ito moni a te hau e rurihia i te h\u014d\u2019\u0113 piha \u2019ohipa \u2018ai\u2019\u0101pu\u2019u, \u2019\u0101re\u2019a te ti\u2019a\u2019aura\u2019a o te mau fenua \u00ab TOM \u00bb, e hi\u2019ora\u2019a \u2019e e ferurira\u2019a nui, i te mea \u0113 e fenua tei riro \u2019ei fenua ti\u2019ara\u2019a f\u0101na\u2019o n\u014d te p\u0101rurura\u2019a, mai t\u014dna mau n\u016bna\u2019a ato\u2019a, i te ferurira\u2019a Far\u0101ni ta\u2019a\u2019\u0113 \u2019ia fa\u2019aauhia i t\u014d te mau n\u016bna\u2019a o te mau fenua \u00ab DOM \u00bb, ta\u2019ata \u2019\u0101i\u2019a Far\u0101ni mai te matahiti 1848[footnote]Sylvain Mary, <i>D\u00e9coloniser les Antilles\u00a0? op.cit.,<\/i>\u2019api. 26 \u2019e t\u014d muri mai.[\/footnote] mai.<\/p> <p>N\u0101 teie huru hi\u2019ora\u2019a ta\u2019a\u2019\u0113 mau e fa\u2019ata\u2019a maita\u2019i i te huru o te mau pirita\u2019ara\u2019a e vai ra i roto p\u016b i te aro\u0101 Oudin \u2019e te tahi atu mau p\u016b fa\u2019atere a te hau, e DOM \u0101nei, e TOM \u0101nei. I raro a\u2019e i te fa\u2019aterera\u2019a a Charles de Gaule t\u0101ne, \u2019e \u2019o Georges a Pompidou t\u0101ne, te ti\u2019a\u2019aura\u2019a o te mau TOM, \u2019o P\u014dr\u012bn\u0113tia ho\u2019i te pito pitopito n\u014d te parau o te \u2019\u0101t\u014dm\u012b, e au ra \u0113 e tomo roa atu i roto i te \u00ab tuha\u2019a p\u016btohe \u00bb a te peretiteni, n\u014d te parau o te p\u0101rurura\u2019a i te fenua, e t\u016b\u2019ati ato\u2019a i te fa\u2019aterera\u2019a hau a te nu\u2019u e te \u2019\u0100ua m\u016bto\u2019i o te Ito \u2019\u0100t\u014dm\u012b (AIA) n\u014d te parau o te P\u016b t\u0101matamatara\u2019a \u2019\u0100t\u014dm\u012b n\u014d Patifita. \u2019Ei ha\u2019ap\u0101p\u016bra\u2019a, t\u0113 t\u012btau-t\u0101mau-ra\u2019a n\u0101 roto i te h\u014d\u2019\u0113 ravera\u2019a p\u016bai, t\u0101pa\u2019o n\u014d te \u00ab tuha\u2019a p\u016btohe \u00bb a te fa\u2019atere o te Hau mai te ta\u2019ata raupe\u2019a o te ti\u2019am\u0101ra\u2019a o te fenua\u00a0 Far\u0101ni : te t\u012btaura\u2019a i te mau \u2019apo\u2019ora\u2019a iti o te mau ta\u2019at i raro a\u2019e i t\u0101na fa\u2019aterera\u2019a[footnote]Bernard a Tricot,\u00a0\u00ab\u00a0<i>Les conseils restreints \u00e0 l\u2019\u00c9lys\u00e9e au temps du g\u00e9n\u00e9ral de Gaulle<\/i>\u00a0\u00bb, i roto i te putaa\u00a0 Gilbert Pilleul (dir.),\u00a0<i>\"L'entourage\"\u00a0 et de Gaulle<\/i>, Plon, Paris, 1979, \u2019api 64\u2013172.[\/footnote]. \u2019Aita t\u014d te aro\u0101 Oudinot e fa\u2019a\u014d roa mai i P\u014dr\u012bn\u0113tia Far\u0101ni nei n\u014d te mau \u2019ohipa o te \u2019\u0101t\u014dm\u012b, e fa\u2019atura r\u0101 i te mau a te Hau Far\u0101ni n\u014d te vai-hau-noa-ra\u2019a i te pae o te poritita o te fenua \u2019e te p\u0101rurura\u2019a i te mau maita\u2019i \u2019e te p\u016bai o te Hau Far\u0101ni ; te tumu \u00efa i \u2019\u016b\u2019ana ai te mau hi\u2019opo\u2019ara\u2019a a te P\u016b tuat\u0101papara\u2019a \u2019e m\u0101\u2019imira\u2019a (Ser) \u2019e t\u0101na mau piha tuat\u0101papara\u2019a (BE), tei vai i raro a\u2019e i te fa\u2019aterera\u2019a a te mau t\u0101vana hau[footnote]Sylvain Mary, \u00ab <i>De l'empire colonial aux \"confettis de l'Empire<\/i>\" : la Rue Oudinot et le renseignement ultramarin\u00a0\u00bb, Olivier Forcade et S\u00e9bastien-Yves Laurent (dir.), <i>Dans le secret du pouvoir. L'approche fran\u00e7aise du renseignement (XVII<\/i><i>e<\/i><i> \u2013 XXI<\/i><i>e<\/i><i> si\u00e8cle)<\/i>, Paris, Nouveau Monde \u00e9ditions, 2019, \u2019api. 473-490.[\/footnote]. E fa\u2019atupu teie mau fa\u2019auera\u2019a i te tahi ti\u2019ara\u2019a o te fa\u2019aterera\u2019a hia\u2019aihia, inaha \u2019ua tae roa i te ti\u2019ara\u2019a o te fa\u2019aterera\u2019a hau, i f\u0101na\u2019o i te ti\u2019ara\u2019a teitei fa\u2019ahiahia, e rave rahi taime, o te fa\u2019aterera\u2019a hau o te Hau Nui, t\u016b\u2019ati roa i te aora\u2019i o te \u201cElys\u00e9e\u201d n\u0101 roto i te tonoha\u2019a faufa\u2019a roa a te peretetini o te Hau repupirita Far\u0101ni n\u014d te mau fenua o te Ara Moana, \u2019o Jacques a Foccart t\u0101ne[footnote]Fr\u00e9d\u00e9ric Turpin, <i>Jacques Foccart. Dans l\u2019ombre du pouvoir<\/i>, Paris, CNRS \u00c9ditions, 2015.\u00a0[\/footnote].<\/p>\n[sidebar_references]\n<p>[section_separator title=\"Page 3\"]<\/p> <p>En 1981, l\u2019alternance socialiste semble amorcer une nouvelle \u00e8re, laissant planer la possibilit\u00e9 d\u2019une remise en cause des institutions de la Ve R\u00e9publique, susceptible de se r\u00e9percuter sur l\u2019action de l\u2019\u00c9tat Outre-mer. Depuis le d\u00e9but des ann\u00e9es 1970, les socialistes m\u00e9tropolitains per\u00e7oivent en effet les DOM-TOM, et singuli\u00e8rement les territoires du Pacifique sud, comme des territoires n\u00e9ocoloniaux, appr\u00e9hendant l\u2019action de l\u2019\u00c9tat \u00e0 travers une grille de lecture tiers-mondiste[footnote]Sylvain Mary, <i>D\u00e9coloniser les Antilles\u00a0?<\/i>, <i>op.cit.<\/i>, p. 332.[\/footnote]. Le Programme commun de la gauche de 1972 classe d\u2019ailleurs symboliquement les DOM-TOM dans la partie consacr\u00e9e \u00e0 la politique ext\u00e9rieure. Dans ces conditions, le maintien d\u2019un d\u00e9partement minist\u00e9riel \u00e0 part enti\u00e8re ne para\u00eet pas assur\u00e9 en cas d\u2019alternance politique. Durant la campagne pr\u00e9sidentielle de 1981, le candidat Mitterrand n\u2019a eu de cesse de clamer le droit \u00e0 l\u2019autod\u00e9termination des peuples d\u2019Outre-mer, ouvrant potentiellement la voie aux ind\u00e9pendances et \u00e0 une int\u00e9gration des services de la rue Oudinot au minist\u00e8re de la Coop\u00e9ration[footnote]\u00c9ric Soriano, \u00ab\u00a0Le minist\u00e8re de l\u2019Outre-mer (1981-1988). Mutations et continuit\u00e9s sous Fran\u00e7ois Mitterrand\u00a0\u00bb, dans Jean-Marc Regnault (dir.), <i>Fran\u00e7ois Mitterrand et les territoires fran\u00e7ais du Pacifique<\/i>, Paris, Les Indes Savantes, 2003, p. 103-109.[\/footnote]. Ces perspectives sont cependant vite \u00e9cart\u00e9es au moment de l\u2019accession au pouvoir de Fran\u00e7ois Mitterrand. La d\u00e9b\u00e2cle socialiste dans les DOM-TOM lors de l\u2019\u00e9lection pr\u00e9sidentielle de 1981 pousse Henri Emmanuelli, secr\u00e9taire d\u2019\u00c9tat aux DOM-TOM aupr\u00e8s du ministre de l\u2019Int\u00e9rieur de 1981 \u00e0 1983, \u00e0 la plus grande prudence. Tout projet de suppression de la rue Oudinot est ajourn\u00e9, tandis que sont maintenus \u00e0 leur poste ses principaux cadres, sans volont\u00e9 de substituer \u00e0 la haute fonction publique traditionnelle un personnel venu du militantisme, dans une optique de <i>spoil system<\/i> \u00e0 la fran\u00e7aise. Le maintien \u00e0 ses fonctions du directeur des affaires politiques, administratives et financi\u00e8res, Jean Montpezat, entr\u00e9 rue Oudinot en 1967, et ayant servi Foccart pendant cinq ans \u00e0 l\u2019\u00c9lys\u00e9e de 1969 \u00e0 1974, illustre cette continuit\u00e9 administrative. Tout au plus, au plan institutionnel, le pouvoir socialiste met en \u0153uvre, en 1984, des r\u00e9formes de nature autonomiste en Polyn\u00e9sie fran\u00e7aise et en Nouvelle-Cal\u00e9donie, provoquant notamment dans ce dernier territoire la d\u00e9ception du camp ind\u00e9pendantiste. Le pic de violence politique qui en r\u00e9sulte pousse le gouvernement \u00e0 cr\u00e9er en mai 1985 un poste de ministre de plein exercice, sp\u00e9cifiquement charg\u00e9 de la Nouvelle-Cal\u00e9donie. La d\u00e9mission de son titulaire, Edgard Pisani, met fin d\u00e8s novembre 1985 \u00e0 cette \u00e9ph\u00e9m\u00e8re exp\u00e9rience minist\u00e9rielle qui avait amput\u00e9 la rue Oudinot de la gestion d\u2019un territoire dont elle avait la charge depuis l\u2019origine. De mars 1986 \u00e0 mai 1988, la cohabitation avec la droite voit la rue Oudinot retrouver son statut de minist\u00e8re de plein exercice avec la nomination du gaulliste Bernard Pons au sein du gouvernement de Jacques Chirac. Pendant cette p\u00e9riode, l\u2019organisation du minist\u00e8re \u00e9volue avec la nomination, sous la <\/p>\n[sidebar_references]\n<p>[section_separator title=\"Page 4\"]<\/p> <p>tutelle du ministre, du Polyn\u00e9sien Gaston Flosse au poste de secr\u00e9taire d\u2019\u00c9tat charg\u00e9 des probl\u00e8mes du Pacifique sud, qui conduit son action depuis Papeete[footnote]Sarah Mohamed Gaillard, <i>L'archipel de la puissance ? La politique de la France dans le Pacifique Sud de 1946 \u00e0 1998<\/i>, Bruxelles, Peter Lang, 2010, p. 376.[\/footnote]. Dans une optique typiquement gaulliste, envisageant les DOM-TOM comme des vecteurs de puissance et d\u2019influence, le secr\u00e9tariat d\u2019\u00c9tat de Gaston Flosse a pour t\u00e2che de faire rayonner l\u2019action de la France \u00e0 l\u2019\u00e9chelle r\u00e9gionale, dans un contexte de contestation croissante li\u00e9 aux essais nucl\u00e9aires fran\u00e7ais en Polyn\u00e9sie et aux \u00e9v\u00e9nements en cours en Nouvelle-Cal\u00e9donie depuis 1984. L\u2019existence de ce secr\u00e9tariat d\u2019\u00c9tat, li\u00e9e \u00e0 la relation d\u2019amiti\u00e9 qui unit Jacques Chirac \u00e0 Gaston Flosse, ainsi qu\u2019\u00e0 la volont\u00e9 du premier de r\u00e9compenser le second pour sa proximit\u00e9 avec le RPR, ne survit cependant pas \u00e0 cette premi\u00e8re p\u00e9riode d\u2019alternance.\u00a0<\/p> <p>Lors de l\u2019\u00e9lection pr\u00e9sidentielle de 1988, les larges succ\u00e8s remport\u00e9s par Fran\u00e7ois Mitterrand dans la plupart des DOM-TOM (54,5% en Polyn\u00e9sie fran\u00e7aise au second tour) valident le bien-fond\u00e9 d\u2019une approche politique de l\u2019Outre-mer plus pragmatique, loin des conceptions id\u00e9ologiques empreintes de tiers-mondisme des ann\u00e9es 1970. En 1988, les socialistes font le choix de maintenir la \u00ab\u00a0formule gaulliste\u00a0\u00bb d\u2019un minist\u00e8re de plein exercice, mieux en phase avec les attentes des grands \u00e9lus ultramarins, dont le r\u00f4le d\u2019instance de m\u00e9diation politique entre le centre et ses p\u00e9riph\u00e9ries d\u2019Outre-mer a eu nettement tendance \u00e0 se renforcer depuis le d\u00e9but des ann\u00e9es 1980, sous le double effet de la d\u00e9centralisation dans les DOM et des statuts d\u2019autonomie dans les TOM (cf. poids d\u2019Aim\u00e9 C\u00e9saire et de Paul Verg\u00e8s sous les gouvernements de gauche, puis de Gaston Flosse pour la droite). En 1988, la fonction de ministre des DOM-TOM est confi\u00e9e \u00e0 Louis Le Pensec, un proche de Michel Rocard, qui se maintient en fonction jusqu\u2019en 1993 \u2013 \u00e9galant le record de long\u00e9vit\u00e9 du gaulliste Louis Jacquinot en poste de 1961 \u00e0 1966 \u2013 avec pour feuille de route, s\u2019agissant de la Polyn\u00e9sie fran\u00e7aise, la gestion des cons\u00e9quences financi\u00e8res du moratoire sur les essais nucl\u00e9aires De 1993 \u00e0 1995, durant la seconde cohabitation, son successeur Dominique Perben poursuit ces diff\u00e9rents chantiers, notamment celui concernant la Polyn\u00e9sie fran\u00e7aise, qui aboutit \u00e0 la loi du 5 f\u00e9vrier 1994 pour le d\u00e9veloppement \u00e9conomique, social et culturel du territoire[footnote]<i>Id<\/i>., \u00ab\u00a0Col\u00e8res, surprise et incompr\u00e9hensions. Du moratoire \u00e0 la derni\u00e8re campagne\u00a0\u00bb, dans Renaud Meltz et Alexis Vrignon (dir.), <i>Des Bombes en Polyn\u00e9sie. Les essais nucl\u00e9aires fran\u00e7ais dans le Pacifique<\/i>, Paris, Vend\u00e9miaire, 2022, p. 396.[\/footnote]. S\u2019installe ainsi v\u00e9ritablement, au cours du second mandat de Fran\u00e7ois Mitterrand, l\u2019id\u00e9e d\u2019une continuit\u00e9 de l\u2019action de la rue Oudinot tendant \u00e0 att\u00e9nuer l\u2019acuit\u00e9 du clivage gauche-droite \u2013 loin des oppositions tranch\u00e9es d\u2019avant 1981\u00a0\u2013 et l\u2019effet des alternances politiques. La politisation de la reprise des essais nucl\u00e9aires en 1995, exacerb\u00e9e par la r\u00e9cente situation de cohabitation, appara\u00eet comme l\u2019une des derni\u00e8res grandes mises en sc\u00e8ne de profonde divergence entre la droite et la gauche de gouvernement au sujet de l\u2019Outre-mer.\u00a0<\/p> <p>Progressivement, depuis 1959, le minist\u00e8re des Outre-mer s\u2019est ainsi impos\u00e9 comme un acquis institutionnel que nul ne songe d\u00e9sormais, \u00e0 l\u2019int\u00e9rieur comme \u00e0 l\u2019ext\u00e9rieur de l\u2019\u00c9tat, \u00e0 remettre en cause. \u00c0 l\u2019origine, sa p\u00e9rennit\u00e9 \u00e9tait pourtant loin d\u2019\u00eatre acquise, tant ses premi\u00e8res ann\u00e9es se sont d\u00e9roul\u00e9es dans un contexte mouvant, \u00e0 la fois marqu\u00e9 par l\u2019accession \u00e0 la souverainet\u00e9 des \u00c9tats d\u2019Afrique subsaharienne, que les architectes gaullistes de la Communaut\u00e9 fran\u00e7aise n\u2019avaient pas imagin\u00e9 dans des d\u00e9lais si courts, et l\u2019ind\u00e9pendance de l\u2019Alg\u00e9rie. N\u00e9anmoins, l\u2019\u00e9loignement progressif du spectre de la d\u00e9colonisation de ces territoires apr\u00e8s 1962, en d\u00e9pit de violents \u00e9pisodes de contestation comme \u00e0 Djibouti ou en Guadeloupe en 1967, finit par l\u2019installer dans le paysage institutionnel de la Ve R\u00e9publique comme un instrument l\u00e9gitime de gestion de territoires p\u00e9riph\u00e9riques, per\u00e7us comme n\u00e9cessitant un traitement \u00ab\u00a0sp\u00e9cifique\u00a0\u00bb. Cette installation progressive n\u2019a pourtant pas r\u00e9ussi \u00e0 mettre un terme \u00e0 ses changements r\u00e9currents d\u2019\u00e9chelon \u2013 minist\u00e8re ou secr\u00e9tariat d\u2019\u00c9tat, de plein exercice ou d\u00e9l\u00e9gu\u00e9 aupr\u00e8s du Premier ministre ou du ministre de l\u2019Int\u00e9rieur \u2013, attestant d\u2019une incapacit\u00e9 \u00e0 d\u00e9finir une formule stable de gouvernement central des Outre-mer.<\/p>\n[sidebar_references]","_links":{"self":[{"href":"https:\/\/dictionnaire-cep.upf.pf\/tah\/wp-json\/wp\/v2\/notice-cep\/1190","targetHints":{"allow":["GET"]}}],"collection":[{"href":"https:\/\/dictionnaire-cep.upf.pf\/tah\/wp-json\/wp\/v2\/notice-cep"}],"about":[{"href":"https:\/\/dictionnaire-cep.upf.pf\/tah\/wp-json\/wp\/v2\/types\/notice-cep"}],"version-history":[{"count":0,"href":"https:\/\/dictionnaire-cep.upf.pf\/tah\/wp-json\/wp\/v2\/notice-cep\/1190\/revisions"}],"wp:featuredmedia":[{"embeddable":true,"href":"https:\/\/dictionnaire-cep.upf.pf\/tah\/wp-json\/wp\/v2\/media\/1546"}],"wp:attachment":[{"href":"https:\/\/dictionnaire-cep.upf.pf\/tah\/wp-json\/wp\/v2\/media?parent=1190"}],"wp:term":[{"taxonomy":"category","embeddable":true,"href":"https:\/\/dictionnaire-cep.upf.pf\/tah\/wp-json\/wp\/v2\/categories?post=1190"},{"taxonomy":"post_tag","embeddable":true,"href":"https:\/\/dictionnaire-cep.upf.pf\/tah\/wp-json\/wp\/v2\/tags?post=1190"},{"taxonomy":"autrice--auteur","embeddable":true,"href":"https:\/\/dictionnaire-cep.upf.pf\/tah\/wp-json\/wp\/v2\/autrice--auteur?post=1190"},{"taxonomy":"chronologie","embeddable":true,"href":"https:\/\/dictionnaire-cep.upf.pf\/tah\/wp-json\/wp\/v2\/chronologie?post=1190"},{"taxonomy":"institution","embeddable":true,"href":"https:\/\/dictionnaire-cep.upf.pf\/tah\/wp-json\/wp\/v2\/institution?post=1190"},{"taxonomy":"nom-commun","embeddable":true,"href":"https:\/\/dictionnaire-cep.upf.pf\/tah\/wp-json\/wp\/v2\/nom-commun?post=1190"},{"taxonomy":"nom-propre","embeddable":true,"href":"https:\/\/dictionnaire-cep.upf.pf\/tah\/wp-json\/wp\/v2\/nom-propre?post=1190"}],"curies":[{"name":"wp","href":"https:\/\/api.w.org\/{rel}","templated":true}]}}